{"id":36109,"date":"2026-08-22T15:55:35","date_gmt":"2026-08-22T13:55:35","guid":{"rendered":"https:\/\/michaelbarnaart.com\/non-classifiee\/la-broche-la-jeune-fille-a-la-perle-au-japon\/"},"modified":"2026-08-22T15:55:35","modified_gmt":"2026-08-22T13:55:35","slug":"la-broche-la-jeune-fille-a-la-perle-au-japon","status":"publish","type":"post","link":"https:\/\/michaelbarnaart.com\/fr\/actualites\/la-broche-la-jeune-fille-a-la-perle-au-japon\/","title":{"rendered":"La broche La Jeune Fille \u00e0 la perle au Japon !"},"content":{"rendered":"<p>Cela n\u2019aura \u00e9chapp\u00e9 \u00e0 personne : le tableau La Jeune Fille \u00e0 la perle de Johannes Vermeer est au Japon et suscite un immense int\u00e9r\u00eat. Le journal t\u00e9l\u00e9vis\u00e9 NOS a consacr\u00e9 un reportage \u00e0 l\u2019exposition pr\u00e9sent\u00e9e au Nakanoshima Museum of Art d\u2019Osaka. Reiko Horikoshi, de l\u2019Asahi Shimbun, coorganisateur de l\u2019exposition, y a \u00e9t\u00e9 interview\u00e9e avec une broche particuli\u00e8rement bien choisie !  <\/p>\n<p>Sources: <a class=\"font-medium [&amp;&amp;]:underline [&amp;&amp;]:decoration-current [&amp;&amp;]:underline-offset-2 [&amp;&amp;]:hover:no-underline\" href=\"https:\/\/nos.nl\/artikel\/2627724-rijen-in-japan-voor-meisje-met-de-parel-wordt-hier-bijna-als-iets-heiligs-gezien\" target=\"_blank\" rel=\"noopener noreferrer\">NOS Journaal<\/a> et <a class=\"font-medium [&amp;&amp;]:underline [&amp;&amp;]:decoration-current [&amp;&amp;]:underline-offset-2 [&amp;&amp;]:hover:no-underline\" href=\"https:\/\/www.oricon.co.jp\/news\/2457037\/photo\/2\/\" target=\"_blank\" rel=\"noopener noreferrer\">Oricon News<\/a>.<\/p>\n\n<figure class=\"wp-block-gallery has-nested-images columns-default is-cropped wp-block-gallery-1 is-layout-flex wp-block-gallery-is-layout-flex\">\n<figure class=\"wp-block-image size-large\"><a href=\"https:\/\/michaelbarnaart.com\/wp-content\/uploads\/2026\/08\/2026-MeisjeinJapan2-1024x822.jpg\"><img loading=\"lazy\" decoding=\"async\" width=\"1024\" height=\"822\" data-id=\"36087\" src=\"https:\/\/michaelbarnaart.com\/wp-content\/uploads\/2026\/08\/2026-MeisjeinJapan2-1024x822.jpg\" alt=\"\" class=\"wp-image-36087\" srcset=\"https:\/\/michaelbarnaart.com\/wp-content\/uploads\/2026\/08\/2026-MeisjeinJapan2-1024x822.jpg 1024w, https:\/\/michaelbarnaart.com\/wp-content\/uploads\/2026\/08\/2026-MeisjeinJapan2-300x241.jpg 300w, https:\/\/michaelbarnaart.com\/wp-content\/uploads\/2026\/08\/2026-MeisjeinJapan2-768x616.jpg 768w, https:\/\/michaelbarnaart.com\/wp-content\/uploads\/2026\/08\/2026-MeisjeinJapan2-1116x896.jpg 1116w, https:\/\/michaelbarnaart.com\/wp-content\/uploads\/2026\/08\/2026-MeisjeinJapan2-806x647.jpg 806w, https:\/\/michaelbarnaart.com\/wp-content\/uploads\/2026\/08\/2026-MeisjeinJapan2-558x448.jpg 558w, https:\/\/michaelbarnaart.com\/wp-content\/uploads\/2026\/08\/2026-MeisjeinJapan2-655x526.jpg 655w, https:\/\/michaelbarnaart.com\/wp-content\/uploads\/2026\/08\/2026-MeisjeinJapan2-600x482.jpg 600w, https:\/\/michaelbarnaart.com\/wp-content\/uploads\/2026\/08\/2026-MeisjeinJapan2.jpg 1200w\" sizes=\"auto, (max-width: 1024px) 100vw, 1024px\" \/><\/a><\/figure>\n\n\n\n<figure class=\"wp-block-image size-large\"><a href=\"https:\/\/michaelbarnaart.com\/wp-content\/uploads\/2026\/08\/2026-MeisjeinJapan3-1024x763.jpg\"><img loading=\"lazy\" decoding=\"async\" width=\"1024\" height=\"763\" data-id=\"36090\" src=\"https:\/\/michaelbarnaart.com\/wp-content\/uploads\/2026\/08\/2026-MeisjeinJapan3-1024x763.jpg\" alt=\"\" class=\"wp-image-36090\" srcset=\"https:\/\/michaelbarnaart.com\/wp-content\/uploads\/2026\/08\/2026-MeisjeinJapan3-1024x763.jpg 1024w, https:\/\/michaelbarnaart.com\/wp-content\/uploads\/2026\/08\/2026-MeisjeinJapan3-300x224.jpg 300w, https:\/\/michaelbarnaart.com\/wp-content\/uploads\/2026\/08\/2026-MeisjeinJapan3-768x572.jpg 768w, https:\/\/michaelbarnaart.com\/wp-content\/uploads\/2026\/08\/2026-MeisjeinJapan3-1116x831.jpg 1116w, https:\/\/michaelbarnaart.com\/wp-content\/uploads\/2026\/08\/2026-MeisjeinJapan3-806x600.jpg 806w, https:\/\/michaelbarnaart.com\/wp-content\/uploads\/2026\/08\/2026-MeisjeinJapan3-558x416.jpg 558w, https:\/\/michaelbarnaart.com\/wp-content\/uploads\/2026\/08\/2026-MeisjeinJapan3-655x488.jpg 655w, https:\/\/michaelbarnaart.com\/wp-content\/uploads\/2026\/08\/2026-MeisjeinJapan3-600x447.jpg 600w, https:\/\/michaelbarnaart.com\/wp-content\/uploads\/2026\/08\/2026-MeisjeinJapan3.jpg 1200w\" sizes=\"auto, (max-width: 1024px) 100vw, 1024px\" \/><\/a><figcaption class=\"wp-element-caption\">Screenshot<\/figcaption><\/figure>\n<\/figure>\n\n<p class=\"wp-block-paragraph\"><\/p>\n","protected":false},"excerpt":{"rendered":"<p>Cela n\u2019aura \u00e9chapp\u00e9 \u00e0 personne : le tableau La Jeune Fille \u00e0 la perle de Johannes Vermeer est au Japon et suscite un immense int\u00e9r\u00eat. Le journal t\u00e9l\u00e9vis\u00e9 NOS a consacr\u00e9 un reportage \u00e0 l\u2019exposition pr\u00e9sent\u00e9e au Nakanoshima Museum of Art d\u2019Osaka. Reiko Horikoshi, de l\u2019Asahi Shimbun, coorganisateur de l\u2019exposition, y a \u00e9t\u00e9 interview\u00e9e avec&hellip;<\/p>\n","protected":false},"author":3,"featured_media":36086,"comment_status":"closed","ping_status":"closed","sticky":false,"template":"","format":"standard","meta":{"_acf_changed":false,"footnotes":""},"categories":[1093],"tags":[],"class_list":["post-36109","post","type-post","status-publish","format-standard","has-post-thumbnail","hentry","category-actualites"],"acf":[],"_links":{"self":[{"href":"https:\/\/michaelbarnaart.com\/fr\/wp-json\/wp\/v2\/posts\/36109","targetHints":{"allow":["GET"]}}],"collection":[{"href":"https:\/\/michaelbarnaart.com\/fr\/wp-json\/wp\/v2\/posts"}],"about":[{"href":"https:\/\/michaelbarnaart.com\/fr\/wp-json\/wp\/v2\/types\/post"}],"author":[{"embeddable":true,"href":"https:\/\/michaelbarnaart.com\/fr\/wp-json\/wp\/v2\/users\/3"}],"replies":[{"embeddable":true,"href":"https:\/\/michaelbarnaart.com\/fr\/wp-json\/wp\/v2\/comments?post=36109"}],"version-history":[{"count":1,"href":"https:\/\/michaelbarnaart.com\/fr\/wp-json\/wp\/v2\/posts\/36109\/revisions"}],"predecessor-version":[{"id":36110,"href":"https:\/\/michaelbarnaart.com\/fr\/wp-json\/wp\/v2\/posts\/36109\/revisions\/36110"}],"wp:featuredmedia":[{"embeddable":true,"href":"https:\/\/michaelbarnaart.com\/fr\/wp-json\/wp\/v2\/media\/36086"}],"wp:attachment":[{"href":"https:\/\/michaelbarnaart.com\/fr\/wp-json\/wp\/v2\/media?parent=36109"}],"wp:term":[{"taxonomy":"category","embeddable":true,"href":"https:\/\/michaelbarnaart.com\/fr\/wp-json\/wp\/v2\/categories?post=36109"},{"taxonomy":"post_tag","embeddable":true,"href":"https:\/\/michaelbarnaart.com\/fr\/wp-json\/wp\/v2\/tags?post=36109"}],"curies":[{"name":"wp","href":"https:\/\/api.w.org\/{rel}","templated":true}]}}